{"id":7502,"date":"2023-11-10T13:46:57","date_gmt":"2023-11-10T12:46:57","guid":{"rendered":"https:\/\/www.e2b-consulting.com\/?p=7502"},"modified":"2023-11-14T09:44:34","modified_gmt":"2023-11-14T08:44:34","slug":"pour-respecter-le-rgpd-meta-lance-un-abonnement-payant-a-facebook-et-instagram-en-europe","status":"publish","type":"post","link":"https:\/\/www.e2b-consulting.com\/en\/pour-respecter-le-rgpd-meta-lance-un-abonnement-payant-a-facebook-et-instagram-en-europe\/","title":{"rendered":"Pour respecter le RGPD, Meta lance un abonnement payant \u00e0 Facebook et Instagram en Europe"},"content":{"rendered":"<p>&nbsp;<\/p>\n<p>Meta, la soci\u00e9t\u00e9 m\u00e8re de Facebook et Instagram, lance <strong>un abonnement payant en Europe<\/strong> afin de se conformer au R\u00e8glement g\u00e9n\u00e9ral sur la protection des donn\u00e9es (RGPD). Cette initiative vise \u00e0 permettre aux utilisateurs europ\u00e9ens de profiter d&rsquo;une exp\u00e9rience sans publicit\u00e9 sur les r\u00e9seaux sociaux moyennant un <strong>abonnement mensuel de 9,99 euros<\/strong>. \u00c0 partir de mars, cet abonnement sera \u00e9tendu pour inclure \u00e0 la fois Facebook et Instagram, moyennant des <strong>frais suppl\u00e9mentaires de 6 euros<\/strong>.<\/p>\n<p>Cette d\u00e9cision strat\u00e9gique est motiv\u00e9e par la n\u00e9cessit\u00e9 de compenser la perte de revenus publicitaires tout en respectant les nouvelles r\u00e9glementations en mati\u00e8re de protection des donn\u00e9es. Meta avait pr\u00e9c\u00e9demment \u00e9t\u00e9 sanctionn\u00e9 pour avoir modifi\u00e9 les conditions g\u00e9n\u00e9rales d&rsquo;utilisation afin de contourner le consentement des utilisateurs. Dans cette optique, l&rsquo;entreprise s&rsquo;efforce d\u00e9sormais de proposer une alternative de consentement tout en offrant des tarifs abordables aux utilisateurs.<a href=\"https:\/\/about.fb.com\/news\/2023\/10\/facebook-and-instagram-to-offer-subscription-for-no-ads-in-europe\/\"><strong>Source<\/strong>\u00a0<\/a><\/p>","protected":false},"excerpt":{"rendered":"<p>&nbsp; Meta, la soci\u00e9t\u00e9 m\u00e8re de Facebook et Instagram, lance un abonnement payant en Europe afin de se conformer au R\u00e8glement g\u00e9n\u00e9ral sur la protection des donn\u00e9es (RGPD). Cette initiative vise \u00e0 permettre aux utilisateurs europ\u00e9ens de profiter d&rsquo;une exp\u00e9rience sans publicit\u00e9 sur les r\u00e9seaux sociaux moyennant un abonnement mensuel de 9,99 euros. \u00c0 partir&#8230;<\/p>","protected":false},"author":6,"featured_media":7508,"comment_status":"closed","ping_status":"open","sticky":false,"template":"","format":"standard","meta":{"footnotes":""},"categories":[4,1],"tags":[],"class_list":["post-7502","post","type-post","status-publish","format-standard","has-post-thumbnail","hentry","category-blog","category-non-classe"],"aioseo_notices":[],"_links":{"self":[{"href":"https:\/\/www.e2b-consulting.com\/en\/wp-json\/wp\/v2\/posts\/7502"}],"collection":[{"href":"https:\/\/www.e2b-consulting.com\/en\/wp-json\/wp\/v2\/posts"}],"about":[{"href":"https:\/\/www.e2b-consulting.com\/en\/wp-json\/wp\/v2\/types\/post"}],"author":[{"embeddable":true,"href":"https:\/\/www.e2b-consulting.com\/en\/wp-json\/wp\/v2\/users\/6"}],"replies":[{"embeddable":true,"href":"https:\/\/www.e2b-consulting.com\/en\/wp-json\/wp\/v2\/comments?post=7502"}],"version-history":[{"count":6,"href":"https:\/\/www.e2b-consulting.com\/en\/wp-json\/wp\/v2\/posts\/7502\/revisions"}],"predecessor-version":[{"id":7511,"href":"https:\/\/www.e2b-consulting.com\/en\/wp-json\/wp\/v2\/posts\/7502\/revisions\/7511"}],"wp:featuredmedia":[{"embeddable":true,"href":"https:\/\/www.e2b-consulting.com\/en\/wp-json\/wp\/v2\/media\/7508"}],"wp:attachment":[{"href":"https:\/\/www.e2b-consulting.com\/en\/wp-json\/wp\/v2\/media?parent=7502"}],"wp:term":[{"taxonomy":"category","embeddable":true,"href":"https:\/\/www.e2b-consulting.com\/en\/wp-json\/wp\/v2\/categories?post=7502"},{"taxonomy":"post_tag","embeddable":true,"href":"https:\/\/www.e2b-consulting.com\/en\/wp-json\/wp\/v2\/tags?post=7502"}],"curies":[{"name":"wp","href":"https:\/\/api.w.org\/{rel}","templated":true}]}}